{"id":3398,"date":"2026-08-29T15:54:51","date_gmt":"2026-08-29T15:54:51","guid":{"rendered":"https:\/\/micheldewerdt.fr\/WP\/marche-rose-2\/"},"modified":"2026-08-29T15:55:18","modified_gmt":"2026-08-29T15:55:18","slug":"marche-rose-2","status":"publish","type":"post","link":"https:\/\/micheldewerdt.fr\/WP\/marche-rose-2\/","title":{"rendered":"Marche rose"},"content":{"rendered":"<p>Dimanche 11 octobre 2026<\/p>\n<ul>\n<li>RENDEZ-VOUS \u00c0 PARTIR DE 8 H 45 SUR LE MAIL POUR PARTICIPER&nbsp;<\/li>\n<li>\u00c0 LA \u00ab\u00a0MARCHE ROSE\u00a0\u00bbORGANIS\u00c9E AVEC LA LIGUE CONTRE LE CANCER.<\/li>\n<li>D\u00c9PART DONN\u00c9 \u00c0 9 H 30 APR\u00c8S LA PHOTO DU GROUPE.<\/li>\n<\/ul>\n","protected":false},"excerpt":{"rendered":"<p>Dimanche 11 octobre 2026R&#8230;<\/p>\n","protected":false},"author":1,"featured_media":3350,"comment_status":"closed","ping_status":"open","sticky":false,"template":"","format":"standard","meta":{"footnotes":""},"categories":[208],"tags":[],"class_list":["post-3398","post","type-post","status-publish","format-standard","has-post-thumbnail","hentry","category-evenements"],"_links":{"self":[{"href":"https:\/\/micheldewerdt.fr\/WP\/wp-json\/wp\/v2\/posts\/3398","targetHints":{"allow":["GET"]}}],"collection":[{"href":"https:\/\/micheldewerdt.fr\/WP\/wp-json\/wp\/v2\/posts"}],"about":[{"href":"https:\/\/micheldewerdt.fr\/WP\/wp-json\/wp\/v2\/types\/post"}],"author":[{"embeddable":true,"href":"https:\/\/micheldewerdt.fr\/WP\/wp-json\/wp\/v2\/users\/1"}],"replies":[{"embeddable":true,"href":"https:\/\/micheldewerdt.fr\/WP\/wp-json\/wp\/v2\/comments?post=3398"}],"version-history":[{"count":1,"href":"https:\/\/micheldewerdt.fr\/WP\/wp-json\/wp\/v2\/posts\/3398\/revisions"}],"predecessor-version":[{"id":3434,"href":"https:\/\/micheldewerdt.fr\/WP\/wp-json\/wp\/v2\/posts\/3398\/revisions\/3434"}],"wp:featuredmedia":[{"embeddable":true,"href":"https:\/\/micheldewerdt.fr\/WP\/wp-json\/wp\/v2\/media\/3350"}],"wp:attachment":[{"href":"https:\/\/micheldewerdt.fr\/WP\/wp-json\/wp\/v2\/media?parent=3398"}],"wp:term":[{"taxonomy":"category","embeddable":true,"href":"https:\/\/micheldewerdt.fr\/WP\/wp-json\/wp\/v2\/categories?post=3398"},{"taxonomy":"post_tag","embeddable":true,"href":"https:\/\/micheldewerdt.fr\/WP\/wp-json\/wp\/v2\/tags?post=3398"}],"curies":[{"name":"wp","href":"https:\/\/api.w.org\/{rel}","templated":true}]}}