{"id":3410,"date":"2026-08-29T15:55:03","date_gmt":"2026-08-29T15:55:03","guid":{"rendered":"https:\/\/micheldewerdt.fr\/WP\/danse-classique-2\/"},"modified":"2026-08-29T15:55:18","modified_gmt":"2026-08-29T15:55:18","slug":"danse-classique-2","status":"publish","type":"post","link":"https:\/\/micheldewerdt.fr\/WP\/danse-classique-2\/","title":{"rendered":"Danse Classique"},"content":{"rendered":"<p style=\"line-height: 1;\"><span style=\"font-weight: 700;\">Animatrice<\/span> : Polina Ivanova<\/p>\n<p style=\"line-height: 1;\"><span style=\"font-weight: 700;\">DANSE Enfants <br \/><\/span><\/p>\n<ul>\n<li style=\"line-height: 1;\"><span style=\"font-weight: 700;\">Tarifs<\/span> : &nbsp;&#8211; Carte MJC + 200 \u20ac \/ an<\/li>\n<li style=\"line-height: 1;\"><span style=\"font-weight: 700;\">Calendrier<\/span>:\n<ul>\n<li style=\"line-height: 1;\">\u00c9VEIL (4\/5 ans) &nbsp;mardi 17 h 30 &#8211; 18 h 30<\/li>\n<li style=\"line-height: 1;\">INITIATION (6\/7 ans) &nbsp;lundi 17 h 30 &#8211; 18 h 30<\/li>\n<\/ul>\n<\/li>\n<\/ul>\n<p style=\"line-height: 1;\"><span style=\"font-weight: 700;\">DANSE CLASSIQUE<\/span> <\/p>\n<ul>\n<li style=\"line-height: 1;\"><span style=\"font-weight: 700;\">Tarifs :<\/span>&nbsp; Carte MJC + 234 \u20ac \/ an<\/li>\n<li style=\"line-height: 1;\"><b>Calendrier :<\/b>\n<ul>\n<li style=\"line-height: 1;\">COURS PR\u00c9PARATOIRE (8\/9 ans) mardi 18 h 30 &#8211; 19 h 45<\/li>\n<li style=\"line-height: 1;\">COURS \u00c9L\u00c9MENTAIRE (10\/12 ans)lundi 18 h 30 &#8211; 19 h 45<\/li>\n<li style=\"line-height: 1;\">COURS INTERM\u00c9DIAIRE ADOSvendredi 18 h 45 &#8211; 20 h 15<\/li>\n<\/ul>\n<\/li>\n<\/ul>\n<p><span style=\"font-weight: 700;\">PR\u00c9PARATION AUX CONCOURS CND<\/span><\/p>\n<ul>\n<li><span style=\"font-weight: 700;\">Tarif :&nbsp;<\/span>Carte MJC + 60 \u20ac \/ an<\/li>\n<li><span style=\"font-weight: 700;\">Calendrier<\/span> :&nbsp;\n<ul>\n<li>Pr\u00e9pa 1 mardi 19h 45 &#8211; 20 h 15<\/li>\n<li>El\u00e9mentaire vendredi 17 h 30 &#8211; 18 h 45<\/li>\n<li>Pr\u00e9pa 2 jeudi 17 h 30 &#8211; 18 h 30<\/li>\n<li>Groupe pr\u00e9pa jeudi 18 h 30 &#8211; 19 h 30<\/li>\n<\/ul>\n<\/li>\n<li><span style=\"font-weight: 700;\">Lieu&nbsp;<\/span>: 31 rue de la Chauss\u00e9e \u00e0 c\u00f4t\u00e9 de la mairie Salle polyvalente <\/li>\n<li><span class=\"u-text-palette-2-base\" style=\"font-weight: 700; font-size: 1.875rem;\">sauf le jeudi<\/span><\/li>\n<li><span style=\"font-weight: 700;\">D\u00e9but&nbsp;<\/span>lundi 7 septembre 2026<\/li>\n<\/ul>\n","protected":false},"excerpt":{"rendered":"<p>Animatrice : Polina Ivano&#8230;<\/p>\n","protected":false},"author":1,"featured_media":3395,"comment_status":"closed","ping_status":"open","sticky":false,"template":"","format":"standard","meta":{"footnotes":""},"categories":[207],"tags":[],"class_list":["post-3410","post","type-post","status-publish","format-standard","has-post-thumbnail","hentry","category-artistique"],"_links":{"self":[{"href":"https:\/\/micheldewerdt.fr\/WP\/wp-json\/wp\/v2\/posts\/3410","targetHints":{"allow":["GET"]}}],"collection":[{"href":"https:\/\/micheldewerdt.fr\/WP\/wp-json\/wp\/v2\/posts"}],"about":[{"href":"https:\/\/micheldewerdt.fr\/WP\/wp-json\/wp\/v2\/types\/post"}],"author":[{"embeddable":true,"href":"https:\/\/micheldewerdt.fr\/WP\/wp-json\/wp\/v2\/users\/1"}],"replies":[{"embeddable":true,"href":"https:\/\/micheldewerdt.fr\/WP\/wp-json\/wp\/v2\/comments?post=3410"}],"version-history":[{"count":1,"href":"https:\/\/micheldewerdt.fr\/WP\/wp-json\/wp\/v2\/posts\/3410\/revisions"}],"predecessor-version":[{"id":3446,"href":"https:\/\/micheldewerdt.fr\/WP\/wp-json\/wp\/v2\/posts\/3410\/revisions\/3446"}],"wp:featuredmedia":[{"embeddable":true,"href":"https:\/\/micheldewerdt.fr\/WP\/wp-json\/wp\/v2\/media\/3395"}],"wp:attachment":[{"href":"https:\/\/micheldewerdt.fr\/WP\/wp-json\/wp\/v2\/media?parent=3410"}],"wp:term":[{"taxonomy":"category","embeddable":true,"href":"https:\/\/micheldewerdt.fr\/WP\/wp-json\/wp\/v2\/categories?post=3410"},{"taxonomy":"post_tag","embeddable":true,"href":"https:\/\/micheldewerdt.fr\/WP\/wp-json\/wp\/v2\/tags?post=3410"}],"curies":[{"name":"wp","href":"https:\/\/api.w.org\/{rel}","templated":true}]}}